{"id":476,"date":"2020-06-29T15:51:52","date_gmt":"2020-06-29T18:51:52","guid":{"rendered":"https:\/\/blog.sakata.com.br\/es\/?p=476"},"modified":"2020-06-29T16:29:55","modified_gmt":"2020-06-29T19:29:55","slug":"carlos-silva-productor-de-curacavi-en-chile","status":"publish","type":"post","link":"https:\/\/blog.sakata.com.br\/es\/2020\/06\/29\/carlos-silva-productor-de-curacavi-en-chile\/","title":{"rendered":"Carlos Silva, productor de Curacav\u00ed en Chile"},"content":{"rendered":"<p style=\"text-align: center;\"><img loading=\"lazy\" decoding=\"async\" class=\"alignnone size-medium wp-image-495\" src=\"https:\/\/blog.sakata.com.br\/es\/wp-content\/uploads\/sites\/2\/2020\/06\/thumbnail_ea4effd0-4a79-4ae8-9039-b043bcd7c624-1-199x300.jpg\" alt=\"\" width=\"199\" height=\"300\" srcset=\"https:\/\/blog.sakata.com.br\/es\/wp-content\/uploads\/sites\/2\/2020\/06\/thumbnail_ea4effd0-4a79-4ae8-9039-b043bcd7c624-1-199x300.jpg 199w, https:\/\/blog.sakata.com.br\/es\/wp-content\/uploads\/sites\/2\/2020\/06\/thumbnail_ea4effd0-4a79-4ae8-9039-b043bcd7c624-1-768x1155.jpg 768w, https:\/\/blog.sakata.com.br\/es\/wp-content\/uploads\/sites\/2\/2020\/06\/thumbnail_ea4effd0-4a79-4ae8-9039-b043bcd7c624-1-681x1024.jpg 681w, https:\/\/blog.sakata.com.br\/es\/wp-content\/uploads\/sites\/2\/2020\/06\/thumbnail_ea4effd0-4a79-4ae8-9039-b043bcd7c624-1.jpg 851w\" sizes=\"auto, (max-width: 199px) 100vw, 199px\" \/><\/p>\n<p style=\"text-align: left;\">Durante m\u00e1s de 10 a\u00f1os, el productor Carlos Silva ha cultivado coliflor en su propiedad, ubicada en el \u00e1rea de Curacav\u00ed, en la regi\u00f3n metropolitana de Chile. En este a\u00f1o de 2020, decidi\u00f3 probar la nueva variedad de invierno de Sakata: coliflor Naty.<\/p>\n<p>Una de las diferencias que destac\u00f3 Carlos fue la precocidad productiva de Naty, entre 7 y 10 d\u00edas de anticipaci\u00f3n en la cosecha, en comparaci\u00f3n con otras variedades que sol\u00eda cultivar hasta entonces. Otro punto importante, seg\u00fan \u00e9l, es la excelente cobertura foliar del h\u00edbrido, que presenta una gran cantidad de hojas que cubren la cabeza de la coliflor, protegi\u00e9ndola.<\/p>\n<p>\u00abLa coliflor Naty tiene cabezas de alta calidad y muy compactas, que, debido a las hojas auto envolventes y las caracter\u00edsticas gen\u00e9ticas, entregan un producto final con un blanco extra, muy atractivo, incomparable con cualquier otra variedad de la competencia\u00bb, dijo Carlos. Adem\u00e1s, \u00abtiene una planta grande, que crece fuertemente desde el principio, alcanzando un campo muy homog\u00e9neo y uniforme\u00bb.<\/p>\n<p>Seg\u00fan el productor, el excelente est\u00e1ndar productivo &#8211; del primer calibre &#8211; de la coliflor hizo posible cosechar m\u00e1s r\u00e1pido y de manera m\u00e1s eficiente: \u00aben solo cuatro pases puedo cosechar todas las coliflores\u00bb. Este hecho tambi\u00e9n garantiz\u00f3 mucho \u00e9xito en la comercializaci\u00f3n del producto. \u00abRealmente me gustaron los resultados que obtuve con la coliflor Naty y ciertamente ser\u00e1 mi elecci\u00f3n para las pr\u00f3ximas cosechas\u00bb, dijo el productor.<\/p>\n<p><img loading=\"lazy\" decoding=\"async\" class=\"aligncenter wp-image-494\" src=\"https:\/\/blog.sakata.com.br\/es\/wp-content\/uploads\/sites\/2\/2020\/06\/Palavra-do-produtor-300x172.jpg\" alt=\"\" width=\"350\" height=\"201\" srcset=\"https:\/\/blog.sakata.com.br\/es\/wp-content\/uploads\/sites\/2\/2020\/06\/Palavra-do-produtor-300x172.jpg 300w, https:\/\/blog.sakata.com.br\/es\/wp-content\/uploads\/sites\/2\/2020\/06\/Palavra-do-produtor-768x440.jpg 768w, https:\/\/blog.sakata.com.br\/es\/wp-content\/uploads\/sites\/2\/2020\/06\/Palavra-do-produtor-1024x587.jpg 1024w, https:\/\/blog.sakata.com.br\/es\/wp-content\/uploads\/sites\/2\/2020\/06\/Palavra-do-produtor-523x300.jpg 523w, https:\/\/blog.sakata.com.br\/es\/wp-content\/uploads\/sites\/2\/2020\/06\/Palavra-do-produtor.jpg 1280w\" sizes=\"auto, (max-width: 350px) 100vw, 350px\" \/><\/p>\n","protected":false},"excerpt":{"rendered":"<p>Durante m\u00e1s de 10 a\u00f1os, el productor Carlos Silva ha cultivado coliflor en su propiedad, ubicada en el \u00e1rea de Curacav\u00ed, en la regi\u00f3n metropolitana de Chile. En este a\u00f1o de 2020, decidi\u00f3 probar la nueva variedad de invierno de Sakata: coliflor Naty. Una de las diferencias que destac\u00f3 Carlos fue la precocidad productiva de Naty, entre 7 y 10 d\u00edas de anticipaci\u00f3n en la cosecha, en comparaci\u00f3n con otras variedades que sol\u00eda cultivar hasta entonces. Otro punto importante, seg\u00fan \u00e9l, es la excelente cobertura foliar del h\u00edbrido, que presenta una gran cantidad de hojas que cubren la cabeza de la coliflor, protegi\u00e9ndola. \u00abLa coliflor Naty tiene cabezas de alta calidad y muy compactas, que, debido a las hojas auto &hellip; <\/p>\n<p class=\"link-more\"><a href=\"https:\/\/blog.sakata.com.br\/es\/2020\/06\/29\/carlos-silva-productor-de-curacavi-en-chile\/\" class=\"more-link\">Continuar leyendo<span class=\"screen-reader-text\"> \u00abCarlos Silva, productor de Curacav\u00ed en Chile\u00bb<\/span><\/a><\/p>\n","protected":false},"author":2,"featured_media":495,"comment_status":"open","ping_status":"open","sticky":false,"template":"","format":"standard","meta":{"footnotes":""},"categories":[3,20,2,9],"tags":[],"class_list":["post-476","post","type-post","status-publish","format-standard","has-post-thumbnail","hentry","category-destaque","category-edicion-07","category-noticias","category-sakata-acontece"],"yoast_head":"<!-- This site is optimized with the Yoast SEO plugin v26.8 - https:\/\/yoast.com\/product\/yoast-seo-wordpress\/ -->\n<title>Carlos Silva, productor de Curacav\u00ed en Chile - Sakata Seed Sudamerica - Espa\u00f1ol<\/title>\n<meta name=\"robots\" content=\"index, follow, max-snippet:-1, max-image-preview:large, max-video-preview:-1\" \/>\n<link rel=\"canonical\" href=\"https:\/\/blog.sakata.com.br\/es\/2020\/06\/29\/carlos-silva-productor-de-curacavi-en-chile\/\" \/>\n<meta property=\"og:locale\" content=\"es_ES\" \/>\n<meta property=\"og:type\" content=\"article\" \/>\n<meta property=\"og:title\" content=\"Carlos Silva, productor de Curacav\u00ed en Chile - Sakata Seed Sudamerica - Espa\u00f1ol\" \/>\n<meta property=\"og:description\" content=\"Durante m\u00e1s de 10 a\u00f1os, el productor Carlos Silva ha cultivado coliflor en su propiedad, ubicada en el \u00e1rea de Curacav\u00ed, en la regi\u00f3n metropolitana de Chile. En este a\u00f1o de 2020, decidi\u00f3 probar la nueva variedad de invierno de Sakata: coliflor Naty. Una de las diferencias que destac\u00f3 Carlos fue la precocidad productiva de Naty, entre 7 y 10 d\u00edas de anticipaci\u00f3n en la cosecha, en comparaci\u00f3n con otras variedades que sol\u00eda cultivar hasta entonces. Otro punto importante, seg\u00fan \u00e9l, es la excelente cobertura foliar del h\u00edbrido, que presenta una gran cantidad de hojas que cubren la cabeza de la coliflor, protegi\u00e9ndola. \u00abLa coliflor Naty tiene cabezas de alta calidad y muy compactas, que, debido a las hojas auto &hellip; Continuar leyendo &quot;Carlos Silva, productor de Curacav\u00ed en Chile&quot;\" \/>\n<meta property=\"og:url\" content=\"https:\/\/blog.sakata.com.br\/es\/2020\/06\/29\/carlos-silva-productor-de-curacavi-en-chile\/\" \/>\n<meta property=\"og:site_name\" content=\"Sakata Seed Sudamerica - Espa\u00f1ol\" \/>\n<meta property=\"article:published_time\" content=\"2020-06-29T18:51:52+00:00\" \/>\n<meta property=\"article:modified_time\" content=\"2020-06-29T19:29:55+00:00\" \/>\n<meta property=\"og:image\" content=\"https:\/\/blog.sakata.com.br\/es\/wp-content\/uploads\/sites\/2\/2020\/06\/thumbnail_ea4effd0-4a79-4ae8-9039-b043bcd7c624-1.jpg\" \/>\n\t<meta property=\"og:image:width\" content=\"851\" \/>\n\t<meta property=\"og:image:height\" content=\"1280\" \/>\n\t<meta property=\"og:image:type\" content=\"image\/jpeg\" \/>\n<meta name=\"author\" content=\"Comunica\u00e7\u00e3o Sakata\" \/>\n<meta name=\"twitter:card\" content=\"summary_large_image\" \/>\n<meta name=\"twitter:label1\" content=\"Escrito por\" \/>\n\t<meta name=\"twitter:data1\" content=\"Comunica\u00e7\u00e3o Sakata\" \/>\n\t<meta name=\"twitter:label2\" content=\"Tiempo de lectura\" \/>\n\t<meta name=\"twitter:data2\" content=\"1 minuto\" \/>\n<script type=\"application\/ld+json\" class=\"yoast-schema-graph\">{\"@context\":\"https:\/\/schema.org\",\"@graph\":[{\"@type\":\"Article\",\"@id\":\"https:\/\/blog.sakata.com.br\/es\/2020\/06\/29\/carlos-silva-productor-de-curacavi-en-chile\/#article\",\"isPartOf\":{\"@id\":\"https:\/\/blog.sakata.com.br\/es\/2020\/06\/29\/carlos-silva-productor-de-curacavi-en-chile\/\"},\"author\":{\"name\":\"Comunica\u00e7\u00e3o Sakata\",\"@id\":\"https:\/\/blog.sakata.com.br\/es\/#\/schema\/person\/01af07ce018e63cacaafcbe7a1d13867\"},\"headline\":\"Carlos Silva, productor de Curacav\u00ed en Chile\",\"datePublished\":\"2020-06-29T18:51:52+00:00\",\"dateModified\":\"2020-06-29T19:29:55+00:00\",\"mainEntityOfPage\":{\"@id\":\"https:\/\/blog.sakata.com.br\/es\/2020\/06\/29\/carlos-silva-productor-de-curacavi-en-chile\/\"},\"wordCount\":258,\"commentCount\":0,\"image\":{\"@id\":\"https:\/\/blog.sakata.com.br\/es\/2020\/06\/29\/carlos-silva-productor-de-curacavi-en-chile\/#primaryimage\"},\"thumbnailUrl\":\"https:\/\/blog.sakata.com.br\/es\/wp-content\/uploads\/sites\/2\/2020\/06\/thumbnail_ea4effd0-4a79-4ae8-9039-b043bcd7c624-1.jpg\",\"articleSection\":[\"Destaque\",\"Edici\u00f3n 07\",\"Not\u00edcias\",\"Sakata Acontece\"],\"inLanguage\":\"es\",\"potentialAction\":[{\"@type\":\"CommentAction\",\"name\":\"Comment\",\"target\":[\"https:\/\/blog.sakata.com.br\/es\/2020\/06\/29\/carlos-silva-productor-de-curacavi-en-chile\/#respond\"]}]},{\"@type\":\"WebPage\",\"@id\":\"https:\/\/blog.sakata.com.br\/es\/2020\/06\/29\/carlos-silva-productor-de-curacavi-en-chile\/\",\"url\":\"https:\/\/blog.sakata.com.br\/es\/2020\/06\/29\/carlos-silva-productor-de-curacavi-en-chile\/\",\"name\":\"Carlos Silva, productor de Curacav\u00ed en Chile - Sakata Seed Sudamerica - Espa\u00f1ol\",\"isPartOf\":{\"@id\":\"https:\/\/blog.sakata.com.br\/es\/#website\"},\"primaryImageOfPage\":{\"@id\":\"https:\/\/blog.sakata.com.br\/es\/2020\/06\/29\/carlos-silva-productor-de-curacavi-en-chile\/#primaryimage\"},\"image\":{\"@id\":\"https:\/\/blog.sakata.com.br\/es\/2020\/06\/29\/carlos-silva-productor-de-curacavi-en-chile\/#primaryimage\"},\"thumbnailUrl\":\"https:\/\/blog.sakata.com.br\/es\/wp-content\/uploads\/sites\/2\/2020\/06\/thumbnail_ea4effd0-4a79-4ae8-9039-b043bcd7c624-1.jpg\",\"datePublished\":\"2020-06-29T18:51:52+00:00\",\"dateModified\":\"2020-06-29T19:29:55+00:00\",\"author\":{\"@id\":\"https:\/\/blog.sakata.com.br\/es\/#\/schema\/person\/01af07ce018e63cacaafcbe7a1d13867\"},\"breadcrumb\":{\"@id\":\"https:\/\/blog.sakata.com.br\/es\/2020\/06\/29\/carlos-silva-productor-de-curacavi-en-chile\/#breadcrumb\"},\"inLanguage\":\"es\",\"potentialAction\":[{\"@type\":\"ReadAction\",\"target\":[\"https:\/\/blog.sakata.com.br\/es\/2020\/06\/29\/carlos-silva-productor-de-curacavi-en-chile\/\"]}]},{\"@type\":\"ImageObject\",\"inLanguage\":\"es\",\"@id\":\"https:\/\/blog.sakata.com.br\/es\/2020\/06\/29\/carlos-silva-productor-de-curacavi-en-chile\/#primaryimage\",\"url\":\"https:\/\/blog.sakata.com.br\/es\/wp-content\/uploads\/sites\/2\/2020\/06\/thumbnail_ea4effd0-4a79-4ae8-9039-b043bcd7c624-1.jpg\",\"contentUrl\":\"https:\/\/blog.sakata.com.br\/es\/wp-content\/uploads\/sites\/2\/2020\/06\/thumbnail_ea4effd0-4a79-4ae8-9039-b043bcd7c624-1.jpg\",\"width\":851,\"height\":1280},{\"@type\":\"BreadcrumbList\",\"@id\":\"https:\/\/blog.sakata.com.br\/es\/2020\/06\/29\/carlos-silva-productor-de-curacavi-en-chile\/#breadcrumb\",\"itemListElement\":[{\"@type\":\"ListItem\",\"position\":1,\"name\":\"In\u00edcio\",\"item\":\"https:\/\/blog.sakata.com.br\/es\/\"},{\"@type\":\"ListItem\",\"position\":2,\"name\":\"Carlos Silva, productor de Curacav\u00ed en Chile\"}]},{\"@type\":\"WebSite\",\"@id\":\"https:\/\/blog.sakata.com.br\/es\/#website\",\"url\":\"https:\/\/blog.sakata.com.br\/es\/\",\"name\":\"Sakata Seed Sudamerica - Espa\u00f1ol\",\"description\":\"Sakata Seed Sudamerica\",\"potentialAction\":[{\"@type\":\"SearchAction\",\"target\":{\"@type\":\"EntryPoint\",\"urlTemplate\":\"https:\/\/blog.sakata.com.br\/es\/?s={search_term_string}\"},\"query-input\":{\"@type\":\"PropertyValueSpecification\",\"valueRequired\":true,\"valueName\":\"search_term_string\"}}],\"inLanguage\":\"es\"},{\"@type\":\"Person\",\"@id\":\"https:\/\/blog.sakata.com.br\/es\/#\/schema\/person\/01af07ce018e63cacaafcbe7a1d13867\",\"name\":\"Comunica\u00e7\u00e3o Sakata\",\"image\":{\"@type\":\"ImageObject\",\"inLanguage\":\"es\",\"@id\":\"https:\/\/blog.sakata.com.br\/es\/#\/schema\/person\/image\/\",\"url\":\"https:\/\/secure.gravatar.com\/avatar\/6953896d2219d41105543bfcac7675446305775492f1492d60c8fe87104a0331?s=96&d=mm&r=g\",\"contentUrl\":\"https:\/\/secure.gravatar.com\/avatar\/6953896d2219d41105543bfcac7675446305775492f1492d60c8fe87104a0331?s=96&d=mm&r=g\",\"caption\":\"Comunica\u00e7\u00e3o Sakata\"},\"sameAs\":[\"http:\/\/sakata.com.br\/blog\"],\"url\":\"https:\/\/blog.sakata.com.br\/es\/author\/imprensa\/\"}]}<\/script>\n<!-- \/ Yoast SEO plugin. -->","yoast_head_json":{"title":"Carlos Silva, productor de Curacav\u00ed en Chile - Sakata Seed Sudamerica - Espa\u00f1ol","robots":{"index":"index","follow":"follow","max-snippet":"max-snippet:-1","max-image-preview":"max-image-preview:large","max-video-preview":"max-video-preview:-1"},"canonical":"https:\/\/blog.sakata.com.br\/es\/2020\/06\/29\/carlos-silva-productor-de-curacavi-en-chile\/","og_locale":"es_ES","og_type":"article","og_title":"Carlos Silva, productor de Curacav\u00ed en Chile - Sakata Seed Sudamerica - Espa\u00f1ol","og_description":"Durante m\u00e1s de 10 a\u00f1os, el productor Carlos Silva ha cultivado coliflor en su propiedad, ubicada en el \u00e1rea de Curacav\u00ed, en la regi\u00f3n metropolitana de Chile. En este a\u00f1o de 2020, decidi\u00f3 probar la nueva variedad de invierno de Sakata: coliflor Naty. Una de las diferencias que destac\u00f3 Carlos fue la precocidad productiva de Naty, entre 7 y 10 d\u00edas de anticipaci\u00f3n en la cosecha, en comparaci\u00f3n con otras variedades que sol\u00eda cultivar hasta entonces. Otro punto importante, seg\u00fan \u00e9l, es la excelente cobertura foliar del h\u00edbrido, que presenta una gran cantidad de hojas que cubren la cabeza de la coliflor, protegi\u00e9ndola. \u00abLa coliflor Naty tiene cabezas de alta calidad y muy compactas, que, debido a las hojas auto &hellip; Continuar leyendo \"Carlos Silva, productor de Curacav\u00ed en Chile\"","og_url":"https:\/\/blog.sakata.com.br\/es\/2020\/06\/29\/carlos-silva-productor-de-curacavi-en-chile\/","og_site_name":"Sakata Seed Sudamerica - Espa\u00f1ol","article_published_time":"2020-06-29T18:51:52+00:00","article_modified_time":"2020-06-29T19:29:55+00:00","og_image":[{"width":851,"height":1280,"url":"https:\/\/blog.sakata.com.br\/es\/wp-content\/uploads\/sites\/2\/2020\/06\/thumbnail_ea4effd0-4a79-4ae8-9039-b043bcd7c624-1.jpg","type":"image\/jpeg"}],"author":"Comunica\u00e7\u00e3o Sakata","twitter_card":"summary_large_image","twitter_misc":{"Escrito por":"Comunica\u00e7\u00e3o Sakata","Tiempo de lectura":"1 minuto"},"schema":{"@context":"https:\/\/schema.org","@graph":[{"@type":"Article","@id":"https:\/\/blog.sakata.com.br\/es\/2020\/06\/29\/carlos-silva-productor-de-curacavi-en-chile\/#article","isPartOf":{"@id":"https:\/\/blog.sakata.com.br\/es\/2020\/06\/29\/carlos-silva-productor-de-curacavi-en-chile\/"},"author":{"name":"Comunica\u00e7\u00e3o Sakata","@id":"https:\/\/blog.sakata.com.br\/es\/#\/schema\/person\/01af07ce018e63cacaafcbe7a1d13867"},"headline":"Carlos Silva, productor de Curacav\u00ed en Chile","datePublished":"2020-06-29T18:51:52+00:00","dateModified":"2020-06-29T19:29:55+00:00","mainEntityOfPage":{"@id":"https:\/\/blog.sakata.com.br\/es\/2020\/06\/29\/carlos-silva-productor-de-curacavi-en-chile\/"},"wordCount":258,"commentCount":0,"image":{"@id":"https:\/\/blog.sakata.com.br\/es\/2020\/06\/29\/carlos-silva-productor-de-curacavi-en-chile\/#primaryimage"},"thumbnailUrl":"https:\/\/blog.sakata.com.br\/es\/wp-content\/uploads\/sites\/2\/2020\/06\/thumbnail_ea4effd0-4a79-4ae8-9039-b043bcd7c624-1.jpg","articleSection":["Destaque","Edici\u00f3n 07","Not\u00edcias","Sakata Acontece"],"inLanguage":"es","potentialAction":[{"@type":"CommentAction","name":"Comment","target":["https:\/\/blog.sakata.com.br\/es\/2020\/06\/29\/carlos-silva-productor-de-curacavi-en-chile\/#respond"]}]},{"@type":"WebPage","@id":"https:\/\/blog.sakata.com.br\/es\/2020\/06\/29\/carlos-silva-productor-de-curacavi-en-chile\/","url":"https:\/\/blog.sakata.com.br\/es\/2020\/06\/29\/carlos-silva-productor-de-curacavi-en-chile\/","name":"Carlos Silva, productor de Curacav\u00ed en Chile - Sakata Seed Sudamerica - Espa\u00f1ol","isPartOf":{"@id":"https:\/\/blog.sakata.com.br\/es\/#website"},"primaryImageOfPage":{"@id":"https:\/\/blog.sakata.com.br\/es\/2020\/06\/29\/carlos-silva-productor-de-curacavi-en-chile\/#primaryimage"},"image":{"@id":"https:\/\/blog.sakata.com.br\/es\/2020\/06\/29\/carlos-silva-productor-de-curacavi-en-chile\/#primaryimage"},"thumbnailUrl":"https:\/\/blog.sakata.com.br\/es\/wp-content\/uploads\/sites\/2\/2020\/06\/thumbnail_ea4effd0-4a79-4ae8-9039-b043bcd7c624-1.jpg","datePublished":"2020-06-29T18:51:52+00:00","dateModified":"2020-06-29T19:29:55+00:00","author":{"@id":"https:\/\/blog.sakata.com.br\/es\/#\/schema\/person\/01af07ce018e63cacaafcbe7a1d13867"},"breadcrumb":{"@id":"https:\/\/blog.sakata.com.br\/es\/2020\/06\/29\/carlos-silva-productor-de-curacavi-en-chile\/#breadcrumb"},"inLanguage":"es","potentialAction":[{"@type":"ReadAction","target":["https:\/\/blog.sakata.com.br\/es\/2020\/06\/29\/carlos-silva-productor-de-curacavi-en-chile\/"]}]},{"@type":"ImageObject","inLanguage":"es","@id":"https:\/\/blog.sakata.com.br\/es\/2020\/06\/29\/carlos-silva-productor-de-curacavi-en-chile\/#primaryimage","url":"https:\/\/blog.sakata.com.br\/es\/wp-content\/uploads\/sites\/2\/2020\/06\/thumbnail_ea4effd0-4a79-4ae8-9039-b043bcd7c624-1.jpg","contentUrl":"https:\/\/blog.sakata.com.br\/es\/wp-content\/uploads\/sites\/2\/2020\/06\/thumbnail_ea4effd0-4a79-4ae8-9039-b043bcd7c624-1.jpg","width":851,"height":1280},{"@type":"BreadcrumbList","@id":"https:\/\/blog.sakata.com.br\/es\/2020\/06\/29\/carlos-silva-productor-de-curacavi-en-chile\/#breadcrumb","itemListElement":[{"@type":"ListItem","position":1,"name":"In\u00edcio","item":"https:\/\/blog.sakata.com.br\/es\/"},{"@type":"ListItem","position":2,"name":"Carlos Silva, productor de Curacav\u00ed en Chile"}]},{"@type":"WebSite","@id":"https:\/\/blog.sakata.com.br\/es\/#website","url":"https:\/\/blog.sakata.com.br\/es\/","name":"Sakata Seed Sudamerica - Espa\u00f1ol","description":"Sakata Seed Sudamerica","potentialAction":[{"@type":"SearchAction","target":{"@type":"EntryPoint","urlTemplate":"https:\/\/blog.sakata.com.br\/es\/?s={search_term_string}"},"query-input":{"@type":"PropertyValueSpecification","valueRequired":true,"valueName":"search_term_string"}}],"inLanguage":"es"},{"@type":"Person","@id":"https:\/\/blog.sakata.com.br\/es\/#\/schema\/person\/01af07ce018e63cacaafcbe7a1d13867","name":"Comunica\u00e7\u00e3o Sakata","image":{"@type":"ImageObject","inLanguage":"es","@id":"https:\/\/blog.sakata.com.br\/es\/#\/schema\/person\/image\/","url":"https:\/\/secure.gravatar.com\/avatar\/6953896d2219d41105543bfcac7675446305775492f1492d60c8fe87104a0331?s=96&d=mm&r=g","contentUrl":"https:\/\/secure.gravatar.com\/avatar\/6953896d2219d41105543bfcac7675446305775492f1492d60c8fe87104a0331?s=96&d=mm&r=g","caption":"Comunica\u00e7\u00e3o Sakata"},"sameAs":["http:\/\/sakata.com.br\/blog"],"url":"https:\/\/blog.sakata.com.br\/es\/author\/imprensa\/"}]}},"_links":{"self":[{"href":"https:\/\/blog.sakata.com.br\/es\/wp-json\/wp\/v2\/posts\/476","targetHints":{"allow":["GET"]}}],"collection":[{"href":"https:\/\/blog.sakata.com.br\/es\/wp-json\/wp\/v2\/posts"}],"about":[{"href":"https:\/\/blog.sakata.com.br\/es\/wp-json\/wp\/v2\/types\/post"}],"author":[{"embeddable":true,"href":"https:\/\/blog.sakata.com.br\/es\/wp-json\/wp\/v2\/users\/2"}],"replies":[{"embeddable":true,"href":"https:\/\/blog.sakata.com.br\/es\/wp-json\/wp\/v2\/comments?post=476"}],"version-history":[{"count":4,"href":"https:\/\/blog.sakata.com.br\/es\/wp-json\/wp\/v2\/posts\/476\/revisions"}],"predecessor-version":[{"id":498,"href":"https:\/\/blog.sakata.com.br\/es\/wp-json\/wp\/v2\/posts\/476\/revisions\/498"}],"wp:featuredmedia":[{"embeddable":true,"href":"https:\/\/blog.sakata.com.br\/es\/wp-json\/wp\/v2\/media\/495"}],"wp:attachment":[{"href":"https:\/\/blog.sakata.com.br\/es\/wp-json\/wp\/v2\/media?parent=476"}],"wp:term":[{"taxonomy":"category","embeddable":true,"href":"https:\/\/blog.sakata.com.br\/es\/wp-json\/wp\/v2\/categories?post=476"},{"taxonomy":"post_tag","embeddable":true,"href":"https:\/\/blog.sakata.com.br\/es\/wp-json\/wp\/v2\/tags?post=476"}],"curies":[{"name":"wp","href":"https:\/\/api.w.org\/{rel}","templated":true}]}}