{"id":3771,"date":"2026-03-17T15:47:48","date_gmt":"2026-03-17T18:47:48","guid":{"rendered":"https:\/\/blog.sakata.com.br\/es\/?p=3771"},"modified":"2026-03-27T16:58:55","modified_gmt":"2026-03-27T19:58:55","slug":"visitas-a-viveros-en-colombia-tienen-por-objeto-impulsar-el-crecimiento-de-la-horticultura-en-el-pais","status":"publish","type":"post","link":"https:\/\/blog.sakata.com.br\/es\/2026\/03\/17\/visitas-a-viveros-en-colombia-tienen-por-objeto-impulsar-el-crecimiento-de-la-horticultura-en-el-pais\/","title":{"rendered":"Visitas a viveros en Colombia tienen por objeto impulsar el crecimiento de la horticultura en el pa\u00eds"},"content":{"rendered":"<p><img loading=\"lazy\" decoding=\"async\" class=\"aligncenter wp-image-3779\" src=\"https:\/\/blog.sakata.com.br\/es\/wp-content\/uploads\/sites\/2\/2026\/03\/Visita-a-Viveiros-na-Colombia-vergelplantulasy-Cundinamarca-1024x576.jpeg\" alt=\"\" width=\"600\" height=\"338\" srcset=\"https:\/\/blog.sakata.com.br\/es\/wp-content\/uploads\/sites\/2\/2026\/03\/Visita-a-Viveiros-na-Colombia-vergelplantulasy-Cundinamarca-1024x576.jpeg 1024w, https:\/\/blog.sakata.com.br\/es\/wp-content\/uploads\/sites\/2\/2026\/03\/Visita-a-Viveiros-na-Colombia-vergelplantulasy-Cundinamarca-300x169.jpeg 300w, https:\/\/blog.sakata.com.br\/es\/wp-content\/uploads\/sites\/2\/2026\/03\/Visita-a-Viveiros-na-Colombia-vergelplantulasy-Cundinamarca-768x432.jpeg 768w, https:\/\/blog.sakata.com.br\/es\/wp-content\/uploads\/sites\/2\/2026\/03\/Visita-a-Viveiros-na-Colombia-vergelplantulasy-Cundinamarca-533x300.jpeg 533w, https:\/\/blog.sakata.com.br\/es\/wp-content\/uploads\/sites\/2\/2026\/03\/Visita-a-Viveiros-na-Colombia-vergelplantulasy-Cundinamarca.jpeg 1280w\" sizes=\"auto, (max-width: 600px) 100vw, 600px\" \/><\/p>\n<p>Durante los meses de enero y febrero, el equipo de Sakata Colombia realiz\u00f3 una serie de visitas, siete en total, a viveros ubicados en los departamentos de Cundinamarca, Boyac\u00e1 y Antioquia, todos ellos de gran referencia local para el sector.<\/p>\n<p>El objetivo de las visitas fue comprender las necesidades de los viveristas, adem\u00e1s de intercambiar experiencias y planificar acciones conjuntas futuras, con el fin de impulsar la horticultura colombiana. La iniciativa tambi\u00e9n busc\u00f3 estrechar la relaci\u00f3n con clientes y socios, fortaleciendo el trabajo en favor de los agricultores colombianos.<\/p>\n<p>\u00abAhora, con una filial de Sakata en el pa\u00eds, tenemos la posibilidad de conocer de cerca la realidad local de los productores y adoptar medidas m\u00e1s \u00e1giles y eficientes para atender las demandas de la regi\u00f3n. En este sentido, sin duda el intercambio de informaci\u00f3n contribuye a una mejor comprensi\u00f3n del mercado y de los principales competidores, al entender la log\u00edstica de distribuci\u00f3n de los productos, lo que permite adem\u00e1s ajustes en la gesti\u00f3n y la atenci\u00f3n de las necesidades de todos los actores de la cadena\u00bb, destaca Marcos Missfeld, gerente general de Sakata Colombia.<\/p>\n<p>Adem\u00e1s del equipo comercial de la filial de la empresa, tambi\u00e9n formaron parte de la delegaci\u00f3n de visitas el Sr. Shinya Enomoto, miembro del Consejo de Administraci\u00f3n de Sakata Seed Corporation de Jap\u00f3n, as\u00ed como Marcello Takagui y Paulo Koch, presidente y director de marketing de Sakata Seed Sudam\u00e9rica, respectivamente. La presencia de los ejecutivos fue de gran importancia estrat\u00e9gica para el intercambio de informaci\u00f3n sobre el mercado, la evaluaci\u00f3n de nuevos h\u00edbridos y las posibles innovaciones que podr\u00edan contribuir a la sostenibilidad del negocio de hortalizas en Colombia.<\/p>\n<p><strong>A continuaci\u00f3n, algunas fotos de las visitas.<\/strong><\/p>\n<p><img loading=\"lazy\" decoding=\"async\" class=\"aligncenter wp-image-3780\" src=\"https:\/\/blog.sakata.com.br\/es\/wp-content\/uploads\/sites\/2\/2026\/03\/Visita-a-Viveiros-na-Colombia-germioriente.sembrandovida_-Antioquia-300x205.jpeg\" alt=\"\" width=\"500\" height=\"341\" srcset=\"https:\/\/blog.sakata.com.br\/es\/wp-content\/uploads\/sites\/2\/2026\/03\/Visita-a-Viveiros-na-Colombia-germioriente.sembrandovida_-Antioquia-300x205.jpeg 300w, https:\/\/blog.sakata.com.br\/es\/wp-content\/uploads\/sites\/2\/2026\/03\/Visita-a-Viveiros-na-Colombia-germioriente.sembrandovida_-Antioquia-1024x698.jpeg 1024w, https:\/\/blog.sakata.com.br\/es\/wp-content\/uploads\/sites\/2\/2026\/03\/Visita-a-Viveiros-na-Colombia-germioriente.sembrandovida_-Antioquia-768x524.jpeg 768w, https:\/\/blog.sakata.com.br\/es\/wp-content\/uploads\/sites\/2\/2026\/03\/Visita-a-Viveiros-na-Colombia-germioriente.sembrandovida_-Antioquia-440x300.jpeg 440w, https:\/\/blog.sakata.com.br\/es\/wp-content\/uploads\/sites\/2\/2026\/03\/Visita-a-Viveiros-na-Colombia-germioriente.sembrandovida_-Antioquia.jpeg 1056w\" sizes=\"auto, (max-width: 500px) 100vw, 500px\" \/><\/p>\n<p><img loading=\"lazy\" decoding=\"async\" class=\"aligncenter wp-image-3781\" src=\"https:\/\/blog.sakata.com.br\/es\/wp-content\/uploads\/sites\/2\/2026\/03\/Visita-a-Viveiros-na-Colombia-hortifrescoagro-Cundinamarca-258x300.jpeg\" alt=\"\" width=\"500\" height=\"582\" srcset=\"https:\/\/blog.sakata.com.br\/es\/wp-content\/uploads\/sites\/2\/2026\/03\/Visita-a-Viveiros-na-Colombia-hortifrescoagro-Cundinamarca-258x300.jpeg 258w, https:\/\/blog.sakata.com.br\/es\/wp-content\/uploads\/sites\/2\/2026\/03\/Visita-a-Viveiros-na-Colombia-hortifrescoagro-Cundinamarca-879x1024.jpeg 879w, https:\/\/blog.sakata.com.br\/es\/wp-content\/uploads\/sites\/2\/2026\/03\/Visita-a-Viveiros-na-Colombia-hortifrescoagro-Cundinamarca-768x894.jpeg 768w, https:\/\/blog.sakata.com.br\/es\/wp-content\/uploads\/sites\/2\/2026\/03\/Visita-a-Viveiros-na-Colombia-hortifrescoagro-Cundinamarca.jpeg 1099w\" sizes=\"auto, (max-width: 500px) 100vw, 500px\" \/><\/p>\n<p><img loading=\"lazy\" decoding=\"async\" class=\"aligncenter wp-image-3782\" src=\"https:\/\/blog.sakata.com.br\/es\/wp-content\/uploads\/sites\/2\/2026\/03\/Visita-a-Viveiros-na-Colombia-Plantuladora-El-Paraiso-Facebook-Antioquia-300x201.jpeg\" alt=\"\" width=\"500\" height=\"336\" srcset=\"https:\/\/blog.sakata.com.br\/es\/wp-content\/uploads\/sites\/2\/2026\/03\/Visita-a-Viveiros-na-Colombia-Plantuladora-El-Paraiso-Facebook-Antioquia-300x201.jpeg 300w, https:\/\/blog.sakata.com.br\/es\/wp-content\/uploads\/sites\/2\/2026\/03\/Visita-a-Viveiros-na-Colombia-Plantuladora-El-Paraiso-Facebook-Antioquia-1024x688.jpeg 1024w, https:\/\/blog.sakata.com.br\/es\/wp-content\/uploads\/sites\/2\/2026\/03\/Visita-a-Viveiros-na-Colombia-Plantuladora-El-Paraiso-Facebook-Antioquia-768x516.jpeg 768w, https:\/\/blog.sakata.com.br\/es\/wp-content\/uploads\/sites\/2\/2026\/03\/Visita-a-Viveiros-na-Colombia-Plantuladora-El-Paraiso-Facebook-Antioquia-447x300.jpeg 447w, https:\/\/blog.sakata.com.br\/es\/wp-content\/uploads\/sites\/2\/2026\/03\/Visita-a-Viveiros-na-Colombia-Plantuladora-El-Paraiso-Facebook-Antioquia.jpeg 1072w\" sizes=\"auto, (max-width: 500px) 100vw, 500px\" \/><\/p>\n<p><img loading=\"lazy\" decoding=\"async\" class=\"aligncenter wp-image-3784\" src=\"https:\/\/blog.sakata.com.br\/es\/wp-content\/uploads\/sites\/2\/2026\/03\/Visita-a-Viveiros-na-Colombia-Plantulas-Belen-plantulasbelen-Antioquia-300x169.jpeg\" alt=\"\" width=\"500\" height=\"281\" srcset=\"https:\/\/blog.sakata.com.br\/es\/wp-content\/uploads\/sites\/2\/2026\/03\/Visita-a-Viveiros-na-Colombia-Plantulas-Belen-plantulasbelen-Antioquia-300x169.jpeg 300w, https:\/\/blog.sakata.com.br\/es\/wp-content\/uploads\/sites\/2\/2026\/03\/Visita-a-Viveiros-na-Colombia-Plantulas-Belen-plantulasbelen-Antioquia-1024x576.jpeg 1024w, https:\/\/blog.sakata.com.br\/es\/wp-content\/uploads\/sites\/2\/2026\/03\/Visita-a-Viveiros-na-Colombia-Plantulas-Belen-plantulasbelen-Antioquia-768x432.jpeg 768w, https:\/\/blog.sakata.com.br\/es\/wp-content\/uploads\/sites\/2\/2026\/03\/Visita-a-Viveiros-na-Colombia-Plantulas-Belen-plantulasbelen-Antioquia-533x300.jpeg 533w, https:\/\/blog.sakata.com.br\/es\/wp-content\/uploads\/sites\/2\/2026\/03\/Visita-a-Viveiros-na-Colombia-Plantulas-Belen-plantulasbelen-Antioquia.jpeg 1280w\" sizes=\"auto, (max-width: 500px) 100vw, 500px\" \/><\/p>\n<p><img loading=\"lazy\" decoding=\"async\" class=\"aligncenter wp-image-3785\" src=\"https:\/\/blog.sakata.com.br\/es\/wp-content\/uploads\/sites\/2\/2026\/03\/Visita-a-Viveiros-na-Colombia-Plantulas-El-Campesino-Antioquia-300x179.jpeg\" alt=\"\" width=\"500\" height=\"298\" srcset=\"https:\/\/blog.sakata.com.br\/es\/wp-content\/uploads\/sites\/2\/2026\/03\/Visita-a-Viveiros-na-Colombia-Plantulas-El-Campesino-Antioquia-300x179.jpeg 300w, https:\/\/blog.sakata.com.br\/es\/wp-content\/uploads\/sites\/2\/2026\/03\/Visita-a-Viveiros-na-Colombia-Plantulas-El-Campesino-Antioquia-1024x610.jpeg 1024w, https:\/\/blog.sakata.com.br\/es\/wp-content\/uploads\/sites\/2\/2026\/03\/Visita-a-Viveiros-na-Colombia-Plantulas-El-Campesino-Antioquia-768x458.jpeg 768w, https:\/\/blog.sakata.com.br\/es\/wp-content\/uploads\/sites\/2\/2026\/03\/Visita-a-Viveiros-na-Colombia-Plantulas-El-Campesino-Antioquia-503x300.jpeg 503w, https:\/\/blog.sakata.com.br\/es\/wp-content\/uploads\/sites\/2\/2026\/03\/Visita-a-Viveiros-na-Colombia-Plantulas-El-Campesino-Antioquia.jpeg 1208w\" sizes=\"auto, (max-width: 500px) 100vw, 500px\" \/><\/p>\n<p><img loading=\"lazy\" decoding=\"async\" class=\"aligncenter wp-image-3786\" src=\"https:\/\/blog.sakata.com.br\/es\/wp-content\/uploads\/sites\/2\/2026\/03\/Visita-a-Viveiros-na-Colombia-plantulasdecolombia-Boyaca-300x249.jpeg\" alt=\"\" width=\"500\" height=\"416\" srcset=\"https:\/\/blog.sakata.com.br\/es\/wp-content\/uploads\/sites\/2\/2026\/03\/Visita-a-Viveiros-na-Colombia-plantulasdecolombia-Boyaca-300x249.jpeg 300w, https:\/\/blog.sakata.com.br\/es\/wp-content\/uploads\/sites\/2\/2026\/03\/Visita-a-Viveiros-na-Colombia-plantulasdecolombia-Boyaca-768x638.jpeg 768w, https:\/\/blog.sakata.com.br\/es\/wp-content\/uploads\/sites\/2\/2026\/03\/Visita-a-Viveiros-na-Colombia-plantulasdecolombia-Boyaca-361x300.jpeg 361w, https:\/\/blog.sakata.com.br\/es\/wp-content\/uploads\/sites\/2\/2026\/03\/Visita-a-Viveiros-na-Colombia-plantulasdecolombia-Boyaca.jpeg 900w\" sizes=\"auto, (max-width: 500px) 100vw, 500px\" \/><\/p>\n<p><img loading=\"lazy\" decoding=\"async\" class=\"aligncenter wp-image-3783\" src=\"https:\/\/blog.sakata.com.br\/es\/wp-content\/uploads\/sites\/2\/2026\/03\/Visita-a-Viveiros-na-Colombia-plantuladora_nazi-Boyaca-225x300.jpeg\" alt=\"\" width=\"350\" height=\"467\" srcset=\"https:\/\/blog.sakata.com.br\/es\/wp-content\/uploads\/sites\/2\/2026\/03\/Visita-a-Viveiros-na-Colombia-plantuladora_nazi-Boyaca-225x300.jpeg 225w, https:\/\/blog.sakata.com.br\/es\/wp-content\/uploads\/sites\/2\/2026\/03\/Visita-a-Viveiros-na-Colombia-plantuladora_nazi-Boyaca-768x1024.jpeg 768w, https:\/\/blog.sakata.com.br\/es\/wp-content\/uploads\/sites\/2\/2026\/03\/Visita-a-Viveiros-na-Colombia-plantuladora_nazi-Boyaca.jpeg 900w\" sizes=\"auto, (max-width: 350px) 100vw, 350px\" \/><\/p>\n","protected":false},"excerpt":{"rendered":"<p>Durante los meses de enero y febrero, el equipo de Sakata Colombia realiz\u00f3 una serie de visitas, siete en total, a viveros ubicados en los departamentos de Cundinamarca, Boyac\u00e1 y Antioquia, todos ellos de gran referencia local para el sector. El objetivo de las visitas fue comprender las necesidades de los viveristas, adem\u00e1s de intercambiar experiencias y planificar acciones conjuntas futuras, con el fin de impulsar la horticultura colombiana. La iniciativa tambi\u00e9n busc\u00f3 estrechar la relaci\u00f3n con clientes y socios, fortaleciendo el trabajo en favor de los agricultores colombianos. \u00abAhora, con una filial de Sakata en el pa\u00eds, tenemos la posibilidad de conocer de cerca la realidad local de los productores y adoptar medidas m\u00e1s \u00e1giles y eficientes para atender &hellip; <\/p>\n<p class=\"link-more\"><a href=\"https:\/\/blog.sakata.com.br\/es\/2026\/03\/17\/visitas-a-viveros-en-colombia-tienen-por-objeto-impulsar-el-crecimiento-de-la-horticultura-en-el-pais\/\" class=\"more-link\">Continuar leyendo<span class=\"screen-reader-text\"> \u00abVisitas a viveros en Colombia tienen por objeto impulsar el crecimiento de la horticultura en el pa\u00eds\u00bb<\/span><\/a><\/p>\n","protected":false},"author":6,"featured_media":3779,"comment_status":"open","ping_status":"open","sticky":false,"template":"","format":"standard","meta":{"footnotes":""},"categories":[3,91,6,2,9],"tags":[],"class_list":["post-3771","post","type-post","status-publish","format-standard","has-post-thumbnail","hentry","category-destaque","category-edicion-41","category-evento","category-noticias","category-sakata-acontece"],"yoast_head":"<!-- This site is optimized with the Yoast SEO plugin v26.8 - https:\/\/yoast.com\/product\/yoast-seo-wordpress\/ -->\n<title>Visitas a viveros en Colombia tienen por objeto impulsar el crecimiento de la horticultura en el pa\u00eds - Sakata Seed Sudamerica - Espa\u00f1ol<\/title>\n<meta name=\"robots\" content=\"index, follow, max-snippet:-1, max-image-preview:large, max-video-preview:-1\" \/>\n<link rel=\"canonical\" href=\"https:\/\/blog.sakata.com.br\/es\/2026\/03\/17\/visitas-a-viveros-en-colombia-tienen-por-objeto-impulsar-el-crecimiento-de-la-horticultura-en-el-pais\/\" \/>\n<meta property=\"og:locale\" content=\"es_ES\" \/>\n<meta property=\"og:type\" content=\"article\" \/>\n<meta property=\"og:title\" content=\"Visitas a viveros en Colombia tienen por objeto impulsar el crecimiento de la horticultura en el pa\u00eds - Sakata Seed Sudamerica - Espa\u00f1ol\" \/>\n<meta property=\"og:description\" content=\"Durante los meses de enero y febrero, el equipo de Sakata Colombia realiz\u00f3 una serie de visitas, siete en total, a viveros ubicados en los departamentos de Cundinamarca, Boyac\u00e1 y Antioquia, todos ellos de gran referencia local para el sector. El objetivo de las visitas fue comprender las necesidades de los viveristas, adem\u00e1s de intercambiar experiencias y planificar acciones conjuntas futuras, con el fin de impulsar la horticultura colombiana. La iniciativa tambi\u00e9n busc\u00f3 estrechar la relaci\u00f3n con clientes y socios, fortaleciendo el trabajo en favor de los agricultores colombianos. \u00abAhora, con una filial de Sakata en el pa\u00eds, tenemos la posibilidad de conocer de cerca la realidad local de los productores y adoptar medidas m\u00e1s \u00e1giles y eficientes para atender &hellip; Continuar leyendo &quot;Visitas a viveros en Colombia tienen por objeto impulsar el crecimiento de la horticultura en el pa\u00eds&quot;\" \/>\n<meta property=\"og:url\" content=\"https:\/\/blog.sakata.com.br\/es\/2026\/03\/17\/visitas-a-viveros-en-colombia-tienen-por-objeto-impulsar-el-crecimiento-de-la-horticultura-en-el-pais\/\" \/>\n<meta property=\"og:site_name\" content=\"Sakata Seed Sudamerica - Espa\u00f1ol\" \/>\n<meta property=\"article:published_time\" content=\"2026-03-17T18:47:48+00:00\" \/>\n<meta property=\"article:modified_time\" content=\"2026-03-27T19:58:55+00:00\" \/>\n<meta property=\"og:image\" content=\"https:\/\/blog.sakata.com.br\/es\/wp-content\/uploads\/sites\/2\/2026\/03\/Visita-a-Viveiros-na-Colombia-vergelplantulasy-Cundinamarca.jpeg\" \/>\n\t<meta property=\"og:image:width\" content=\"1280\" \/>\n\t<meta property=\"og:image:height\" content=\"720\" \/>\n\t<meta property=\"og:image:type\" content=\"image\/jpeg\" \/>\n<meta name=\"author\" content=\"mypress\" \/>\n<meta name=\"twitter:card\" content=\"summary_large_image\" \/>\n<meta name=\"twitter:label1\" content=\"Escrito por\" \/>\n\t<meta name=\"twitter:data1\" content=\"mypress\" \/>\n\t<meta name=\"twitter:label2\" content=\"Tiempo de lectura\" \/>\n\t<meta name=\"twitter:data2\" content=\"4 minutos\" \/>\n<script type=\"application\/ld+json\" class=\"yoast-schema-graph\">{\"@context\":\"https:\/\/schema.org\",\"@graph\":[{\"@type\":\"Article\",\"@id\":\"https:\/\/blog.sakata.com.br\/es\/2026\/03\/17\/visitas-a-viveros-en-colombia-tienen-por-objeto-impulsar-el-crecimiento-de-la-horticultura-en-el-pais\/#article\",\"isPartOf\":{\"@id\":\"https:\/\/blog.sakata.com.br\/es\/2026\/03\/17\/visitas-a-viveros-en-colombia-tienen-por-objeto-impulsar-el-crecimiento-de-la-horticultura-en-el-pais\/\"},\"author\":{\"name\":\"mypress\",\"@id\":\"https:\/\/blog.sakata.com.br\/es\/#\/schema\/person\/35bf9b77636437fe1529d42a242de205\"},\"headline\":\"Visitas a viveros en Colombia tienen por objeto impulsar el crecimiento de la horticultura en el pa\u00eds\",\"datePublished\":\"2026-03-17T18:47:48+00:00\",\"dateModified\":\"2026-03-27T19:58:55+00:00\",\"mainEntityOfPage\":{\"@id\":\"https:\/\/blog.sakata.com.br\/es\/2026\/03\/17\/visitas-a-viveros-en-colombia-tienen-por-objeto-impulsar-el-crecimiento-de-la-horticultura-en-el-pais\/\"},\"wordCount\":323,\"commentCount\":0,\"image\":{\"@id\":\"https:\/\/blog.sakata.com.br\/es\/2026\/03\/17\/visitas-a-viveros-en-colombia-tienen-por-objeto-impulsar-el-crecimiento-de-la-horticultura-en-el-pais\/#primaryimage\"},\"thumbnailUrl\":\"https:\/\/blog.sakata.com.br\/es\/wp-content\/uploads\/sites\/2\/2026\/03\/Visita-a-Viveiros-na-Colombia-vergelplantulasy-Cundinamarca.jpeg\",\"articleSection\":[\"Destaque\",\"Edici\u00f3n 41\",\"Evento\",\"Not\u00edcias\",\"Sakata Acontece\"],\"inLanguage\":\"es\",\"potentialAction\":[{\"@type\":\"CommentAction\",\"name\":\"Comment\",\"target\":[\"https:\/\/blog.sakata.com.br\/es\/2026\/03\/17\/visitas-a-viveros-en-colombia-tienen-por-objeto-impulsar-el-crecimiento-de-la-horticultura-en-el-pais\/#respond\"]}]},{\"@type\":\"WebPage\",\"@id\":\"https:\/\/blog.sakata.com.br\/es\/2026\/03\/17\/visitas-a-viveros-en-colombia-tienen-por-objeto-impulsar-el-crecimiento-de-la-horticultura-en-el-pais\/\",\"url\":\"https:\/\/blog.sakata.com.br\/es\/2026\/03\/17\/visitas-a-viveros-en-colombia-tienen-por-objeto-impulsar-el-crecimiento-de-la-horticultura-en-el-pais\/\",\"name\":\"Visitas a viveros en Colombia tienen por objeto impulsar el crecimiento de la horticultura en el pa\u00eds - Sakata Seed Sudamerica - Espa\u00f1ol\",\"isPartOf\":{\"@id\":\"https:\/\/blog.sakata.com.br\/es\/#website\"},\"primaryImageOfPage\":{\"@id\":\"https:\/\/blog.sakata.com.br\/es\/2026\/03\/17\/visitas-a-viveros-en-colombia-tienen-por-objeto-impulsar-el-crecimiento-de-la-horticultura-en-el-pais\/#primaryimage\"},\"image\":{\"@id\":\"https:\/\/blog.sakata.com.br\/es\/2026\/03\/17\/visitas-a-viveros-en-colombia-tienen-por-objeto-impulsar-el-crecimiento-de-la-horticultura-en-el-pais\/#primaryimage\"},\"thumbnailUrl\":\"https:\/\/blog.sakata.com.br\/es\/wp-content\/uploads\/sites\/2\/2026\/03\/Visita-a-Viveiros-na-Colombia-vergelplantulasy-Cundinamarca.jpeg\",\"datePublished\":\"2026-03-17T18:47:48+00:00\",\"dateModified\":\"2026-03-27T19:58:55+00:00\",\"author\":{\"@id\":\"https:\/\/blog.sakata.com.br\/es\/#\/schema\/person\/35bf9b77636437fe1529d42a242de205\"},\"breadcrumb\":{\"@id\":\"https:\/\/blog.sakata.com.br\/es\/2026\/03\/17\/visitas-a-viveros-en-colombia-tienen-por-objeto-impulsar-el-crecimiento-de-la-horticultura-en-el-pais\/#breadcrumb\"},\"inLanguage\":\"es\",\"potentialAction\":[{\"@type\":\"ReadAction\",\"target\":[\"https:\/\/blog.sakata.com.br\/es\/2026\/03\/17\/visitas-a-viveros-en-colombia-tienen-por-objeto-impulsar-el-crecimiento-de-la-horticultura-en-el-pais\/\"]}]},{\"@type\":\"ImageObject\",\"inLanguage\":\"es\",\"@id\":\"https:\/\/blog.sakata.com.br\/es\/2026\/03\/17\/visitas-a-viveros-en-colombia-tienen-por-objeto-impulsar-el-crecimiento-de-la-horticultura-en-el-pais\/#primaryimage\",\"url\":\"https:\/\/blog.sakata.com.br\/es\/wp-content\/uploads\/sites\/2\/2026\/03\/Visita-a-Viveiros-na-Colombia-vergelplantulasy-Cundinamarca.jpeg\",\"contentUrl\":\"https:\/\/blog.sakata.com.br\/es\/wp-content\/uploads\/sites\/2\/2026\/03\/Visita-a-Viveiros-na-Colombia-vergelplantulasy-Cundinamarca.jpeg\",\"width\":1280,\"height\":720},{\"@type\":\"BreadcrumbList\",\"@id\":\"https:\/\/blog.sakata.com.br\/es\/2026\/03\/17\/visitas-a-viveros-en-colombia-tienen-por-objeto-impulsar-el-crecimiento-de-la-horticultura-en-el-pais\/#breadcrumb\",\"itemListElement\":[{\"@type\":\"ListItem\",\"position\":1,\"name\":\"In\u00edcio\",\"item\":\"https:\/\/blog.sakata.com.br\/es\/\"},{\"@type\":\"ListItem\",\"position\":2,\"name\":\"Visitas a viveros en Colombia tienen por objeto impulsar el crecimiento de la horticultura en el pa\u00eds\"}]},{\"@type\":\"WebSite\",\"@id\":\"https:\/\/blog.sakata.com.br\/es\/#website\",\"url\":\"https:\/\/blog.sakata.com.br\/es\/\",\"name\":\"Sakata Seed Sudamerica - Espa\u00f1ol\",\"description\":\"Sakata Seed Sudamerica\",\"potentialAction\":[{\"@type\":\"SearchAction\",\"target\":{\"@type\":\"EntryPoint\",\"urlTemplate\":\"https:\/\/blog.sakata.com.br\/es\/?s={search_term_string}\"},\"query-input\":{\"@type\":\"PropertyValueSpecification\",\"valueRequired\":true,\"valueName\":\"search_term_string\"}}],\"inLanguage\":\"es\"},{\"@type\":\"Person\",\"@id\":\"https:\/\/blog.sakata.com.br\/es\/#\/schema\/person\/35bf9b77636437fe1529d42a242de205\",\"name\":\"mypress\",\"image\":{\"@type\":\"ImageObject\",\"inLanguage\":\"es\",\"@id\":\"https:\/\/blog.sakata.com.br\/es\/#\/schema\/person\/image\/\",\"url\":\"https:\/\/secure.gravatar.com\/avatar\/bf17284f54b5ccbe1fedfdb2608cae652102e9e7ef2bcaf46808e5b50268a4d3?s=96&d=mm&r=g\",\"contentUrl\":\"https:\/\/secure.gravatar.com\/avatar\/bf17284f54b5ccbe1fedfdb2608cae652102e9e7ef2bcaf46808e5b50268a4d3?s=96&d=mm&r=g\",\"caption\":\"mypress\"},\"url\":\"https:\/\/blog.sakata.com.br\/es\/author\/mypress\/\"}]}<\/script>\n<!-- \/ Yoast SEO plugin. -->","yoast_head_json":{"title":"Visitas a viveros en Colombia tienen por objeto impulsar el crecimiento de la horticultura en el pa\u00eds - Sakata Seed Sudamerica - Espa\u00f1ol","robots":{"index":"index","follow":"follow","max-snippet":"max-snippet:-1","max-image-preview":"max-image-preview:large","max-video-preview":"max-video-preview:-1"},"canonical":"https:\/\/blog.sakata.com.br\/es\/2026\/03\/17\/visitas-a-viveros-en-colombia-tienen-por-objeto-impulsar-el-crecimiento-de-la-horticultura-en-el-pais\/","og_locale":"es_ES","og_type":"article","og_title":"Visitas a viveros en Colombia tienen por objeto impulsar el crecimiento de la horticultura en el pa\u00eds - Sakata Seed Sudamerica - Espa\u00f1ol","og_description":"Durante los meses de enero y febrero, el equipo de Sakata Colombia realiz\u00f3 una serie de visitas, siete en total, a viveros ubicados en los departamentos de Cundinamarca, Boyac\u00e1 y Antioquia, todos ellos de gran referencia local para el sector. El objetivo de las visitas fue comprender las necesidades de los viveristas, adem\u00e1s de intercambiar experiencias y planificar acciones conjuntas futuras, con el fin de impulsar la horticultura colombiana. La iniciativa tambi\u00e9n busc\u00f3 estrechar la relaci\u00f3n con clientes y socios, fortaleciendo el trabajo en favor de los agricultores colombianos. \u00abAhora, con una filial de Sakata en el pa\u00eds, tenemos la posibilidad de conocer de cerca la realidad local de los productores y adoptar medidas m\u00e1s \u00e1giles y eficientes para atender &hellip; Continuar leyendo \"Visitas a viveros en Colombia tienen por objeto impulsar el crecimiento de la horticultura en el pa\u00eds\"","og_url":"https:\/\/blog.sakata.com.br\/es\/2026\/03\/17\/visitas-a-viveros-en-colombia-tienen-por-objeto-impulsar-el-crecimiento-de-la-horticultura-en-el-pais\/","og_site_name":"Sakata Seed Sudamerica - Espa\u00f1ol","article_published_time":"2026-03-17T18:47:48+00:00","article_modified_time":"2026-03-27T19:58:55+00:00","og_image":[{"width":1280,"height":720,"url":"https:\/\/blog.sakata.com.br\/es\/wp-content\/uploads\/sites\/2\/2026\/03\/Visita-a-Viveiros-na-Colombia-vergelplantulasy-Cundinamarca.jpeg","type":"image\/jpeg"}],"author":"mypress","twitter_card":"summary_large_image","twitter_misc":{"Escrito por":"mypress","Tiempo de lectura":"4 minutos"},"schema":{"@context":"https:\/\/schema.org","@graph":[{"@type":"Article","@id":"https:\/\/blog.sakata.com.br\/es\/2026\/03\/17\/visitas-a-viveros-en-colombia-tienen-por-objeto-impulsar-el-crecimiento-de-la-horticultura-en-el-pais\/#article","isPartOf":{"@id":"https:\/\/blog.sakata.com.br\/es\/2026\/03\/17\/visitas-a-viveros-en-colombia-tienen-por-objeto-impulsar-el-crecimiento-de-la-horticultura-en-el-pais\/"},"author":{"name":"mypress","@id":"https:\/\/blog.sakata.com.br\/es\/#\/schema\/person\/35bf9b77636437fe1529d42a242de205"},"headline":"Visitas a viveros en Colombia tienen por objeto impulsar el crecimiento de la horticultura en el pa\u00eds","datePublished":"2026-03-17T18:47:48+00:00","dateModified":"2026-03-27T19:58:55+00:00","mainEntityOfPage":{"@id":"https:\/\/blog.sakata.com.br\/es\/2026\/03\/17\/visitas-a-viveros-en-colombia-tienen-por-objeto-impulsar-el-crecimiento-de-la-horticultura-en-el-pais\/"},"wordCount":323,"commentCount":0,"image":{"@id":"https:\/\/blog.sakata.com.br\/es\/2026\/03\/17\/visitas-a-viveros-en-colombia-tienen-por-objeto-impulsar-el-crecimiento-de-la-horticultura-en-el-pais\/#primaryimage"},"thumbnailUrl":"https:\/\/blog.sakata.com.br\/es\/wp-content\/uploads\/sites\/2\/2026\/03\/Visita-a-Viveiros-na-Colombia-vergelplantulasy-Cundinamarca.jpeg","articleSection":["Destaque","Edici\u00f3n 41","Evento","Not\u00edcias","Sakata Acontece"],"inLanguage":"es","potentialAction":[{"@type":"CommentAction","name":"Comment","target":["https:\/\/blog.sakata.com.br\/es\/2026\/03\/17\/visitas-a-viveros-en-colombia-tienen-por-objeto-impulsar-el-crecimiento-de-la-horticultura-en-el-pais\/#respond"]}]},{"@type":"WebPage","@id":"https:\/\/blog.sakata.com.br\/es\/2026\/03\/17\/visitas-a-viveros-en-colombia-tienen-por-objeto-impulsar-el-crecimiento-de-la-horticultura-en-el-pais\/","url":"https:\/\/blog.sakata.com.br\/es\/2026\/03\/17\/visitas-a-viveros-en-colombia-tienen-por-objeto-impulsar-el-crecimiento-de-la-horticultura-en-el-pais\/","name":"Visitas a viveros en Colombia tienen por objeto impulsar el crecimiento de la horticultura en el pa\u00eds - Sakata Seed Sudamerica - Espa\u00f1ol","isPartOf":{"@id":"https:\/\/blog.sakata.com.br\/es\/#website"},"primaryImageOfPage":{"@id":"https:\/\/blog.sakata.com.br\/es\/2026\/03\/17\/visitas-a-viveros-en-colombia-tienen-por-objeto-impulsar-el-crecimiento-de-la-horticultura-en-el-pais\/#primaryimage"},"image":{"@id":"https:\/\/blog.sakata.com.br\/es\/2026\/03\/17\/visitas-a-viveros-en-colombia-tienen-por-objeto-impulsar-el-crecimiento-de-la-horticultura-en-el-pais\/#primaryimage"},"thumbnailUrl":"https:\/\/blog.sakata.com.br\/es\/wp-content\/uploads\/sites\/2\/2026\/03\/Visita-a-Viveiros-na-Colombia-vergelplantulasy-Cundinamarca.jpeg","datePublished":"2026-03-17T18:47:48+00:00","dateModified":"2026-03-27T19:58:55+00:00","author":{"@id":"https:\/\/blog.sakata.com.br\/es\/#\/schema\/person\/35bf9b77636437fe1529d42a242de205"},"breadcrumb":{"@id":"https:\/\/blog.sakata.com.br\/es\/2026\/03\/17\/visitas-a-viveros-en-colombia-tienen-por-objeto-impulsar-el-crecimiento-de-la-horticultura-en-el-pais\/#breadcrumb"},"inLanguage":"es","potentialAction":[{"@type":"ReadAction","target":["https:\/\/blog.sakata.com.br\/es\/2026\/03\/17\/visitas-a-viveros-en-colombia-tienen-por-objeto-impulsar-el-crecimiento-de-la-horticultura-en-el-pais\/"]}]},{"@type":"ImageObject","inLanguage":"es","@id":"https:\/\/blog.sakata.com.br\/es\/2026\/03\/17\/visitas-a-viveros-en-colombia-tienen-por-objeto-impulsar-el-crecimiento-de-la-horticultura-en-el-pais\/#primaryimage","url":"https:\/\/blog.sakata.com.br\/es\/wp-content\/uploads\/sites\/2\/2026\/03\/Visita-a-Viveiros-na-Colombia-vergelplantulasy-Cundinamarca.jpeg","contentUrl":"https:\/\/blog.sakata.com.br\/es\/wp-content\/uploads\/sites\/2\/2026\/03\/Visita-a-Viveiros-na-Colombia-vergelplantulasy-Cundinamarca.jpeg","width":1280,"height":720},{"@type":"BreadcrumbList","@id":"https:\/\/blog.sakata.com.br\/es\/2026\/03\/17\/visitas-a-viveros-en-colombia-tienen-por-objeto-impulsar-el-crecimiento-de-la-horticultura-en-el-pais\/#breadcrumb","itemListElement":[{"@type":"ListItem","position":1,"name":"In\u00edcio","item":"https:\/\/blog.sakata.com.br\/es\/"},{"@type":"ListItem","position":2,"name":"Visitas a viveros en Colombia tienen por objeto impulsar el crecimiento de la horticultura en el pa\u00eds"}]},{"@type":"WebSite","@id":"https:\/\/blog.sakata.com.br\/es\/#website","url":"https:\/\/blog.sakata.com.br\/es\/","name":"Sakata Seed Sudamerica - Espa\u00f1ol","description":"Sakata Seed Sudamerica","potentialAction":[{"@type":"SearchAction","target":{"@type":"EntryPoint","urlTemplate":"https:\/\/blog.sakata.com.br\/es\/?s={search_term_string}"},"query-input":{"@type":"PropertyValueSpecification","valueRequired":true,"valueName":"search_term_string"}}],"inLanguage":"es"},{"@type":"Person","@id":"https:\/\/blog.sakata.com.br\/es\/#\/schema\/person\/35bf9b77636437fe1529d42a242de205","name":"mypress","image":{"@type":"ImageObject","inLanguage":"es","@id":"https:\/\/blog.sakata.com.br\/es\/#\/schema\/person\/image\/","url":"https:\/\/secure.gravatar.com\/avatar\/bf17284f54b5ccbe1fedfdb2608cae652102e9e7ef2bcaf46808e5b50268a4d3?s=96&d=mm&r=g","contentUrl":"https:\/\/secure.gravatar.com\/avatar\/bf17284f54b5ccbe1fedfdb2608cae652102e9e7ef2bcaf46808e5b50268a4d3?s=96&d=mm&r=g","caption":"mypress"},"url":"https:\/\/blog.sakata.com.br\/es\/author\/mypress\/"}]}},"_links":{"self":[{"href":"https:\/\/blog.sakata.com.br\/es\/wp-json\/wp\/v2\/posts\/3771","targetHints":{"allow":["GET"]}}],"collection":[{"href":"https:\/\/blog.sakata.com.br\/es\/wp-json\/wp\/v2\/posts"}],"about":[{"href":"https:\/\/blog.sakata.com.br\/es\/wp-json\/wp\/v2\/types\/post"}],"author":[{"embeddable":true,"href":"https:\/\/blog.sakata.com.br\/es\/wp-json\/wp\/v2\/users\/6"}],"replies":[{"embeddable":true,"href":"https:\/\/blog.sakata.com.br\/es\/wp-json\/wp\/v2\/comments?post=3771"}],"version-history":[{"count":11,"href":"https:\/\/blog.sakata.com.br\/es\/wp-json\/wp\/v2\/posts\/3771\/revisions"}],"predecessor-version":[{"id":3810,"href":"https:\/\/blog.sakata.com.br\/es\/wp-json\/wp\/v2\/posts\/3771\/revisions\/3810"}],"wp:featuredmedia":[{"embeddable":true,"href":"https:\/\/blog.sakata.com.br\/es\/wp-json\/wp\/v2\/media\/3779"}],"wp:attachment":[{"href":"https:\/\/blog.sakata.com.br\/es\/wp-json\/wp\/v2\/media?parent=3771"}],"wp:term":[{"taxonomy":"category","embeddable":true,"href":"https:\/\/blog.sakata.com.br\/es\/wp-json\/wp\/v2\/categories?post=3771"},{"taxonomy":"post_tag","embeddable":true,"href":"https:\/\/blog.sakata.com.br\/es\/wp-json\/wp\/v2\/tags?post=3771"}],"curies":[{"name":"wp","href":"https:\/\/api.w.org\/{rel}","templated":true}]}}