{"id":313,"date":"2020-03-27T16:29:29","date_gmt":"2020-03-27T19:29:29","guid":{"rendered":"https:\/\/blog.sakata.com.br\/es\/?p=313"},"modified":"2020-03-27T16:32:58","modified_gmt":"2020-03-27T19:32:58","slug":"sakata-en-la-retaguarda-del-combate-al-covid-19","status":"publish","type":"post","link":"https:\/\/blog.sakata.com.br\/es\/2020\/03\/27\/sakata-en-la-retaguarda-del-combate-al-covid-19\/","title":{"rendered":"SAKATA: EN LA RETAGUARDA DEL COMBATE AL COVID-19"},"content":{"rendered":"<p><img loading=\"lazy\" decoding=\"async\" class=\"aligncenter size-large wp-image-315\" src=\"https:\/\/blog.sakata.com.br\/es\/wp-content\/uploads\/sites\/2\/2020\/03\/SAK_413-BannerSite_-Mobile-horizontal-ESP-1024x624.jpg\" alt=\"\" width=\"525\" height=\"320\" srcset=\"https:\/\/blog.sakata.com.br\/es\/wp-content\/uploads\/sites\/2\/2020\/03\/SAK_413-BannerSite_-Mobile-horizontal-ESP-1024x624.jpg 1024w, https:\/\/blog.sakata.com.br\/es\/wp-content\/uploads\/sites\/2\/2020\/03\/SAK_413-BannerSite_-Mobile-horizontal-ESP-300x183.jpg 300w, https:\/\/blog.sakata.com.br\/es\/wp-content\/uploads\/sites\/2\/2020\/03\/SAK_413-BannerSite_-Mobile-horizontal-ESP-768x468.jpg 768w, https:\/\/blog.sakata.com.br\/es\/wp-content\/uploads\/sites\/2\/2020\/03\/SAK_413-BannerSite_-Mobile-horizontal-ESP-492x300.jpg 492w, https:\/\/blog.sakata.com.br\/es\/wp-content\/uploads\/sites\/2\/2020\/03\/SAK_413-BannerSite_-Mobile-horizontal-ESP.jpg 1130w\" sizes=\"auto, (max-width: 525px) 100vw, 525px\" \/><\/p>\n<p>En este momento, que requiere de atenci\u00f3n y cuidado en la situaci\u00f3n impuesta por el nuevo coronavirus, Sakata informa que est\u00e1 trabajando para mantener la seguridad, salud y bienestar de nuestros funcionarios, clientes, proveedores y la sociedad en general.<\/p>\n<p>Como empresa integrante de la cadena productiva de FFLV (flores, frutas, legumbres y verduras), continuaremos nuestras actividades para suplir el abastecimiento de alimentos, actividad vital para toda la poblaci\u00f3n. Por lo tanto, estamos tomando diversas medidas y reforzando a\u00fan m\u00e1s nuestros protocolos de seguridad e higiene para contener la propagaci\u00f3n del virus.<\/p>\n<p>Sakata, unida a la toda cadena del agro, va a estar en la retaguardia para dar el soporte necesario en ese momento de desaf\u00edos.<\/p>\n<p>Cuente con nosotros.<\/p>\n","protected":false},"excerpt":{"rendered":"<p>En este momento, que requiere de atenci\u00f3n y cuidado en la situaci\u00f3n impuesta por el nuevo coronavirus, Sakata informa que est\u00e1 trabajando para mantener la seguridad, salud y bienestar de nuestros funcionarios, clientes, proveedores y la sociedad en general. Como empresa integrante de la cadena productiva de FFLV (flores, frutas, legumbres y verduras), continuaremos nuestras actividades para suplir el abastecimiento de alimentos, actividad vital para toda la poblaci\u00f3n. Por lo tanto, estamos tomando diversas medidas y reforzando a\u00fan m\u00e1s nuestros protocolos de seguridad e higiene para contener la propagaci\u00f3n del virus. Sakata, unida a la toda cadena del agro, va a estar en la retaguardia para dar el soporte necesario en ese momento de desaf\u00edos. Cuente con nosotros.<\/p>\n","protected":false},"author":1,"featured_media":315,"comment_status":"open","ping_status":"open","sticky":false,"template":"","format":"standard","meta":{"footnotes":""},"categories":[3,2],"tags":[],"class_list":["post-313","post","type-post","status-publish","format-standard","has-post-thumbnail","hentry","category-destaque","category-noticias"],"yoast_head":"<!-- This site is optimized with the Yoast SEO plugin v26.8 - https:\/\/yoast.com\/product\/yoast-seo-wordpress\/ -->\n<title>SAKATA: EN LA RETAGUARDA DEL COMBATE AL COVID-19 - Sakata Seed Sudamerica - Espa\u00f1ol<\/title>\n<meta name=\"robots\" content=\"index, follow, max-snippet:-1, max-image-preview:large, max-video-preview:-1\" \/>\n<link rel=\"canonical\" href=\"https:\/\/blog.sakata.com.br\/es\/2020\/03\/27\/sakata-en-la-retaguarda-del-combate-al-covid-19\/\" \/>\n<meta property=\"og:locale\" content=\"es_ES\" \/>\n<meta property=\"og:type\" content=\"article\" \/>\n<meta property=\"og:title\" content=\"SAKATA: EN LA RETAGUARDA DEL COMBATE AL COVID-19 - Sakata Seed Sudamerica - Espa\u00f1ol\" \/>\n<meta property=\"og:description\" content=\"En este momento, que requiere de atenci\u00f3n y cuidado en la situaci\u00f3n impuesta por el nuevo coronavirus, Sakata informa que est\u00e1 trabajando para mantener la seguridad, salud y bienestar de nuestros funcionarios, clientes, proveedores y la sociedad en general. Como empresa integrante de la cadena productiva de FFLV (flores, frutas, legumbres y verduras), continuaremos nuestras actividades para suplir el abastecimiento de alimentos, actividad vital para toda la poblaci\u00f3n. Por lo tanto, estamos tomando diversas medidas y reforzando a\u00fan m\u00e1s nuestros protocolos de seguridad e higiene para contener la propagaci\u00f3n del virus. Sakata, unida a la toda cadena del agro, va a estar en la retaguardia para dar el soporte necesario en ese momento de desaf\u00edos. Cuente con nosotros.\" \/>\n<meta property=\"og:url\" content=\"https:\/\/blog.sakata.com.br\/es\/2020\/03\/27\/sakata-en-la-retaguarda-del-combate-al-covid-19\/\" \/>\n<meta property=\"og:site_name\" content=\"Sakata Seed Sudamerica - Espa\u00f1ol\" \/>\n<meta property=\"article:published_time\" content=\"2020-03-27T19:29:29+00:00\" \/>\n<meta property=\"article:modified_time\" content=\"2020-03-27T19:32:58+00:00\" \/>\n<meta property=\"og:image\" content=\"https:\/\/blog.sakata.com.br\/es\/wp-content\/uploads\/sites\/2\/2020\/03\/SAK_413-BannerSite_-Mobile-horizontal-ESP.jpg\" \/>\n\t<meta property=\"og:image:width\" content=\"1130\" \/>\n\t<meta property=\"og:image:height\" content=\"689\" \/>\n\t<meta property=\"og:image:type\" content=\"image\/jpeg\" \/>\n<meta name=\"author\" content=\"admin\" \/>\n<meta name=\"twitter:card\" content=\"summary_large_image\" \/>\n<meta name=\"twitter:label1\" content=\"Escrito por\" \/>\n\t<meta name=\"twitter:data1\" content=\"admin\" \/>\n\t<meta name=\"twitter:label2\" content=\"Tiempo de lectura\" \/>\n\t<meta name=\"twitter:data2\" content=\"1 minuto\" \/>\n<script type=\"application\/ld+json\" class=\"yoast-schema-graph\">{\"@context\":\"https:\/\/schema.org\",\"@graph\":[{\"@type\":\"Article\",\"@id\":\"https:\/\/blog.sakata.com.br\/es\/2020\/03\/27\/sakata-en-la-retaguarda-del-combate-al-covid-19\/#article\",\"isPartOf\":{\"@id\":\"https:\/\/blog.sakata.com.br\/es\/2020\/03\/27\/sakata-en-la-retaguarda-del-combate-al-covid-19\/\"},\"author\":{\"name\":\"admin\",\"@id\":\"https:\/\/blog.sakata.com.br\/es\/#\/schema\/person\/311aab8f8f325d6d989f048aa11cb437\"},\"headline\":\"SAKATA: EN LA RETAGUARDA DEL COMBATE AL COVID-19\",\"datePublished\":\"2020-03-27T19:29:29+00:00\",\"dateModified\":\"2020-03-27T19:32:58+00:00\",\"mainEntityOfPage\":{\"@id\":\"https:\/\/blog.sakata.com.br\/es\/2020\/03\/27\/sakata-en-la-retaguarda-del-combate-al-covid-19\/\"},\"wordCount\":133,\"commentCount\":0,\"image\":{\"@id\":\"https:\/\/blog.sakata.com.br\/es\/2020\/03\/27\/sakata-en-la-retaguarda-del-combate-al-covid-19\/#primaryimage\"},\"thumbnailUrl\":\"https:\/\/blog.sakata.com.br\/es\/wp-content\/uploads\/sites\/2\/2020\/03\/SAK_413-BannerSite_-Mobile-horizontal-ESP.jpg\",\"articleSection\":[\"Destaque\",\"Not\u00edcias\"],\"inLanguage\":\"es\",\"potentialAction\":[{\"@type\":\"CommentAction\",\"name\":\"Comment\",\"target\":[\"https:\/\/blog.sakata.com.br\/es\/2020\/03\/27\/sakata-en-la-retaguarda-del-combate-al-covid-19\/#respond\"]}]},{\"@type\":\"WebPage\",\"@id\":\"https:\/\/blog.sakata.com.br\/es\/2020\/03\/27\/sakata-en-la-retaguarda-del-combate-al-covid-19\/\",\"url\":\"https:\/\/blog.sakata.com.br\/es\/2020\/03\/27\/sakata-en-la-retaguarda-del-combate-al-covid-19\/\",\"name\":\"SAKATA: EN LA RETAGUARDA DEL COMBATE AL COVID-19 - Sakata Seed Sudamerica - Espa\u00f1ol\",\"isPartOf\":{\"@id\":\"https:\/\/blog.sakata.com.br\/es\/#website\"},\"primaryImageOfPage\":{\"@id\":\"https:\/\/blog.sakata.com.br\/es\/2020\/03\/27\/sakata-en-la-retaguarda-del-combate-al-covid-19\/#primaryimage\"},\"image\":{\"@id\":\"https:\/\/blog.sakata.com.br\/es\/2020\/03\/27\/sakata-en-la-retaguarda-del-combate-al-covid-19\/#primaryimage\"},\"thumbnailUrl\":\"https:\/\/blog.sakata.com.br\/es\/wp-content\/uploads\/sites\/2\/2020\/03\/SAK_413-BannerSite_-Mobile-horizontal-ESP.jpg\",\"datePublished\":\"2020-03-27T19:29:29+00:00\",\"dateModified\":\"2020-03-27T19:32:58+00:00\",\"author\":{\"@id\":\"https:\/\/blog.sakata.com.br\/es\/#\/schema\/person\/311aab8f8f325d6d989f048aa11cb437\"},\"breadcrumb\":{\"@id\":\"https:\/\/blog.sakata.com.br\/es\/2020\/03\/27\/sakata-en-la-retaguarda-del-combate-al-covid-19\/#breadcrumb\"},\"inLanguage\":\"es\",\"potentialAction\":[{\"@type\":\"ReadAction\",\"target\":[\"https:\/\/blog.sakata.com.br\/es\/2020\/03\/27\/sakata-en-la-retaguarda-del-combate-al-covid-19\/\"]}]},{\"@type\":\"ImageObject\",\"inLanguage\":\"es\",\"@id\":\"https:\/\/blog.sakata.com.br\/es\/2020\/03\/27\/sakata-en-la-retaguarda-del-combate-al-covid-19\/#primaryimage\",\"url\":\"https:\/\/blog.sakata.com.br\/es\/wp-content\/uploads\/sites\/2\/2020\/03\/SAK_413-BannerSite_-Mobile-horizontal-ESP.jpg\",\"contentUrl\":\"https:\/\/blog.sakata.com.br\/es\/wp-content\/uploads\/sites\/2\/2020\/03\/SAK_413-BannerSite_-Mobile-horizontal-ESP.jpg\",\"width\":1130,\"height\":689},{\"@type\":\"BreadcrumbList\",\"@id\":\"https:\/\/blog.sakata.com.br\/es\/2020\/03\/27\/sakata-en-la-retaguarda-del-combate-al-covid-19\/#breadcrumb\",\"itemListElement\":[{\"@type\":\"ListItem\",\"position\":1,\"name\":\"In\u00edcio\",\"item\":\"https:\/\/blog.sakata.com.br\/es\/\"},{\"@type\":\"ListItem\",\"position\":2,\"name\":\"SAKATA: EN LA RETAGUARDA DEL COMBATE AL COVID-19\"}]},{\"@type\":\"WebSite\",\"@id\":\"https:\/\/blog.sakata.com.br\/es\/#website\",\"url\":\"https:\/\/blog.sakata.com.br\/es\/\",\"name\":\"Sakata Seed Sudamerica - Espa\u00f1ol\",\"description\":\"Sakata Seed Sudamerica\",\"potentialAction\":[{\"@type\":\"SearchAction\",\"target\":{\"@type\":\"EntryPoint\",\"urlTemplate\":\"https:\/\/blog.sakata.com.br\/es\/?s={search_term_string}\"},\"query-input\":{\"@type\":\"PropertyValueSpecification\",\"valueRequired\":true,\"valueName\":\"search_term_string\"}}],\"inLanguage\":\"es\"},{\"@type\":\"Person\",\"@id\":\"https:\/\/blog.sakata.com.br\/es\/#\/schema\/person\/311aab8f8f325d6d989f048aa11cb437\",\"name\":\"admin\",\"image\":{\"@type\":\"ImageObject\",\"inLanguage\":\"es\",\"@id\":\"https:\/\/blog.sakata.com.br\/es\/#\/schema\/person\/image\/\",\"url\":\"https:\/\/secure.gravatar.com\/avatar\/eb7730db2963ca7aaf2858e4ec285a079f69298bd77928436566b19bf21b0954?s=96&d=mm&r=g\",\"contentUrl\":\"https:\/\/secure.gravatar.com\/avatar\/eb7730db2963ca7aaf2858e4ec285a079f69298bd77928436566b19bf21b0954?s=96&d=mm&r=g\",\"caption\":\"admin\"},\"url\":\"https:\/\/blog.sakata.com.br\/es\/author\/admin\/\"}]}<\/script>\n<!-- \/ Yoast SEO plugin. -->","yoast_head_json":{"title":"SAKATA: EN LA RETAGUARDA DEL COMBATE AL COVID-19 - Sakata Seed Sudamerica - Espa\u00f1ol","robots":{"index":"index","follow":"follow","max-snippet":"max-snippet:-1","max-image-preview":"max-image-preview:large","max-video-preview":"max-video-preview:-1"},"canonical":"https:\/\/blog.sakata.com.br\/es\/2020\/03\/27\/sakata-en-la-retaguarda-del-combate-al-covid-19\/","og_locale":"es_ES","og_type":"article","og_title":"SAKATA: EN LA RETAGUARDA DEL COMBATE AL COVID-19 - Sakata Seed Sudamerica - Espa\u00f1ol","og_description":"En este momento, que requiere de atenci\u00f3n y cuidado en la situaci\u00f3n impuesta por el nuevo coronavirus, Sakata informa que est\u00e1 trabajando para mantener la seguridad, salud y bienestar de nuestros funcionarios, clientes, proveedores y la sociedad en general. Como empresa integrante de la cadena productiva de FFLV (flores, frutas, legumbres y verduras), continuaremos nuestras actividades para suplir el abastecimiento de alimentos, actividad vital para toda la poblaci\u00f3n. Por lo tanto, estamos tomando diversas medidas y reforzando a\u00fan m\u00e1s nuestros protocolos de seguridad e higiene para contener la propagaci\u00f3n del virus. Sakata, unida a la toda cadena del agro, va a estar en la retaguardia para dar el soporte necesario en ese momento de desaf\u00edos. Cuente con nosotros.","og_url":"https:\/\/blog.sakata.com.br\/es\/2020\/03\/27\/sakata-en-la-retaguarda-del-combate-al-covid-19\/","og_site_name":"Sakata Seed Sudamerica - Espa\u00f1ol","article_published_time":"2020-03-27T19:29:29+00:00","article_modified_time":"2020-03-27T19:32:58+00:00","og_image":[{"width":1130,"height":689,"url":"https:\/\/blog.sakata.com.br\/es\/wp-content\/uploads\/sites\/2\/2020\/03\/SAK_413-BannerSite_-Mobile-horizontal-ESP.jpg","type":"image\/jpeg"}],"author":"admin","twitter_card":"summary_large_image","twitter_misc":{"Escrito por":"admin","Tiempo de lectura":"1 minuto"},"schema":{"@context":"https:\/\/schema.org","@graph":[{"@type":"Article","@id":"https:\/\/blog.sakata.com.br\/es\/2020\/03\/27\/sakata-en-la-retaguarda-del-combate-al-covid-19\/#article","isPartOf":{"@id":"https:\/\/blog.sakata.com.br\/es\/2020\/03\/27\/sakata-en-la-retaguarda-del-combate-al-covid-19\/"},"author":{"name":"admin","@id":"https:\/\/blog.sakata.com.br\/es\/#\/schema\/person\/311aab8f8f325d6d989f048aa11cb437"},"headline":"SAKATA: EN LA RETAGUARDA DEL COMBATE AL COVID-19","datePublished":"2020-03-27T19:29:29+00:00","dateModified":"2020-03-27T19:32:58+00:00","mainEntityOfPage":{"@id":"https:\/\/blog.sakata.com.br\/es\/2020\/03\/27\/sakata-en-la-retaguarda-del-combate-al-covid-19\/"},"wordCount":133,"commentCount":0,"image":{"@id":"https:\/\/blog.sakata.com.br\/es\/2020\/03\/27\/sakata-en-la-retaguarda-del-combate-al-covid-19\/#primaryimage"},"thumbnailUrl":"https:\/\/blog.sakata.com.br\/es\/wp-content\/uploads\/sites\/2\/2020\/03\/SAK_413-BannerSite_-Mobile-horizontal-ESP.jpg","articleSection":["Destaque","Not\u00edcias"],"inLanguage":"es","potentialAction":[{"@type":"CommentAction","name":"Comment","target":["https:\/\/blog.sakata.com.br\/es\/2020\/03\/27\/sakata-en-la-retaguarda-del-combate-al-covid-19\/#respond"]}]},{"@type":"WebPage","@id":"https:\/\/blog.sakata.com.br\/es\/2020\/03\/27\/sakata-en-la-retaguarda-del-combate-al-covid-19\/","url":"https:\/\/blog.sakata.com.br\/es\/2020\/03\/27\/sakata-en-la-retaguarda-del-combate-al-covid-19\/","name":"SAKATA: EN LA RETAGUARDA DEL COMBATE AL COVID-19 - Sakata Seed Sudamerica - Espa\u00f1ol","isPartOf":{"@id":"https:\/\/blog.sakata.com.br\/es\/#website"},"primaryImageOfPage":{"@id":"https:\/\/blog.sakata.com.br\/es\/2020\/03\/27\/sakata-en-la-retaguarda-del-combate-al-covid-19\/#primaryimage"},"image":{"@id":"https:\/\/blog.sakata.com.br\/es\/2020\/03\/27\/sakata-en-la-retaguarda-del-combate-al-covid-19\/#primaryimage"},"thumbnailUrl":"https:\/\/blog.sakata.com.br\/es\/wp-content\/uploads\/sites\/2\/2020\/03\/SAK_413-BannerSite_-Mobile-horizontal-ESP.jpg","datePublished":"2020-03-27T19:29:29+00:00","dateModified":"2020-03-27T19:32:58+00:00","author":{"@id":"https:\/\/blog.sakata.com.br\/es\/#\/schema\/person\/311aab8f8f325d6d989f048aa11cb437"},"breadcrumb":{"@id":"https:\/\/blog.sakata.com.br\/es\/2020\/03\/27\/sakata-en-la-retaguarda-del-combate-al-covid-19\/#breadcrumb"},"inLanguage":"es","potentialAction":[{"@type":"ReadAction","target":["https:\/\/blog.sakata.com.br\/es\/2020\/03\/27\/sakata-en-la-retaguarda-del-combate-al-covid-19\/"]}]},{"@type":"ImageObject","inLanguage":"es","@id":"https:\/\/blog.sakata.com.br\/es\/2020\/03\/27\/sakata-en-la-retaguarda-del-combate-al-covid-19\/#primaryimage","url":"https:\/\/blog.sakata.com.br\/es\/wp-content\/uploads\/sites\/2\/2020\/03\/SAK_413-BannerSite_-Mobile-horizontal-ESP.jpg","contentUrl":"https:\/\/blog.sakata.com.br\/es\/wp-content\/uploads\/sites\/2\/2020\/03\/SAK_413-BannerSite_-Mobile-horizontal-ESP.jpg","width":1130,"height":689},{"@type":"BreadcrumbList","@id":"https:\/\/blog.sakata.com.br\/es\/2020\/03\/27\/sakata-en-la-retaguarda-del-combate-al-covid-19\/#breadcrumb","itemListElement":[{"@type":"ListItem","position":1,"name":"In\u00edcio","item":"https:\/\/blog.sakata.com.br\/es\/"},{"@type":"ListItem","position":2,"name":"SAKATA: EN LA RETAGUARDA DEL COMBATE AL COVID-19"}]},{"@type":"WebSite","@id":"https:\/\/blog.sakata.com.br\/es\/#website","url":"https:\/\/blog.sakata.com.br\/es\/","name":"Sakata Seed Sudamerica - Espa\u00f1ol","description":"Sakata Seed Sudamerica","potentialAction":[{"@type":"SearchAction","target":{"@type":"EntryPoint","urlTemplate":"https:\/\/blog.sakata.com.br\/es\/?s={search_term_string}"},"query-input":{"@type":"PropertyValueSpecification","valueRequired":true,"valueName":"search_term_string"}}],"inLanguage":"es"},{"@type":"Person","@id":"https:\/\/blog.sakata.com.br\/es\/#\/schema\/person\/311aab8f8f325d6d989f048aa11cb437","name":"admin","image":{"@type":"ImageObject","inLanguage":"es","@id":"https:\/\/blog.sakata.com.br\/es\/#\/schema\/person\/image\/","url":"https:\/\/secure.gravatar.com\/avatar\/eb7730db2963ca7aaf2858e4ec285a079f69298bd77928436566b19bf21b0954?s=96&d=mm&r=g","contentUrl":"https:\/\/secure.gravatar.com\/avatar\/eb7730db2963ca7aaf2858e4ec285a079f69298bd77928436566b19bf21b0954?s=96&d=mm&r=g","caption":"admin"},"url":"https:\/\/blog.sakata.com.br\/es\/author\/admin\/"}]}},"_links":{"self":[{"href":"https:\/\/blog.sakata.com.br\/es\/wp-json\/wp\/v2\/posts\/313","targetHints":{"allow":["GET"]}}],"collection":[{"href":"https:\/\/blog.sakata.com.br\/es\/wp-json\/wp\/v2\/posts"}],"about":[{"href":"https:\/\/blog.sakata.com.br\/es\/wp-json\/wp\/v2\/types\/post"}],"author":[{"embeddable":true,"href":"https:\/\/blog.sakata.com.br\/es\/wp-json\/wp\/v2\/users\/1"}],"replies":[{"embeddable":true,"href":"https:\/\/blog.sakata.com.br\/es\/wp-json\/wp\/v2\/comments?post=313"}],"version-history":[{"count":3,"href":"https:\/\/blog.sakata.com.br\/es\/wp-json\/wp\/v2\/posts\/313\/revisions"}],"predecessor-version":[{"id":317,"href":"https:\/\/blog.sakata.com.br\/es\/wp-json\/wp\/v2\/posts\/313\/revisions\/317"}],"wp:featuredmedia":[{"embeddable":true,"href":"https:\/\/blog.sakata.com.br\/es\/wp-json\/wp\/v2\/media\/315"}],"wp:attachment":[{"href":"https:\/\/blog.sakata.com.br\/es\/wp-json\/wp\/v2\/media?parent=313"}],"wp:term":[{"taxonomy":"category","embeddable":true,"href":"https:\/\/blog.sakata.com.br\/es\/wp-json\/wp\/v2\/categories?post=313"},{"taxonomy":"post_tag","embeddable":true,"href":"https:\/\/blog.sakata.com.br\/es\/wp-json\/wp\/v2\/tags?post=313"}],"curies":[{"name":"wp","href":"https:\/\/api.w.org\/{rel}","templated":true}]}}